{"id":58,"date":"2021-06-07T14:59:46","date_gmt":"2021-06-07T12:59:46","guid":{"rendered":"https:\/\/recursos.ooteca.artedra.net\/?p=58"},"modified":"2021-06-29T11:47:23","modified_gmt":"2021-06-29T09:47:23","slug":"4-2-tauler-uf-jaume","status":"publish","type":"post","link":"https:\/\/recursos.ooteca.artedra.net\/?p=58","title":{"rendered":"4.2. Tauler curs Moodle"},"content":{"rendered":"\n<p class=\"has-light-gray-background-color has-background\">El tauler de curs \u00e9s l&#8217;equivalent a l&#8217;aula. Si som docents del curs podrem activar l&#8217;edici\u00f3 i modificar totes les seves \u00e0rees i afegir-hi elements. El professorat i l&#8217;alumnat d&#8217;un curs el veur\u00e0 i podr\u00e0 intervenir-hi d&#8217;acord als permisos del seu perfil d&#8217;usuari Moodle.<\/p>\n\n\n\n<figure class=\"wp-block-image size-large\"><img decoding=\"async\" loading=\"lazy\" width=\"1024\" height=\"714\" src=\"https:\/\/recursos.ooteca.artedra.net\/wp-content\/uploads\/2021\/06\/tauler-activitats-1024x714.jpg\" alt=\"\" class=\"wp-image-199\" srcset=\"https:\/\/recursos.ooteca.artedra.net\/wp-content\/uploads\/2021\/06\/tauler-activitats-1024x714.jpg 1024w, https:\/\/recursos.ooteca.artedra.net\/wp-content\/uploads\/2021\/06\/tauler-activitats-300x209.jpg 300w, https:\/\/recursos.ooteca.artedra.net\/wp-content\/uploads\/2021\/06\/tauler-activitats-768x535.jpg 768w, https:\/\/recursos.ooteca.artedra.net\/wp-content\/uploads\/2021\/06\/tauler-activitats.jpg 1033w\" sizes=\"(max-width: 1024px) 100vw, 1024px\" \/><\/figure>\n\n\n\n<p>Recordeu que un curs de Moodle \u00e9s un concepte que pot tenir significats diferents en funci\u00f3 dels estudis que impartim:<\/p>\n\n\n\n<figure class=\"wp-block-table\"><table class=\"has-subtle-light-gray-background-color has-background\"><tbody><tr><td><strong>Tipus d&#8217;estudis:<\/strong><\/td><td><strong>Un curs equival a:<\/strong><\/td><td><strong>Exemple:<\/strong><\/td><\/tr><tr><td>Reglat LOE<\/td><td>Unitat Formativa (UF)<\/td><td>UF5 d&#8217;Edici\u00f3 Web<\/td><\/tr><tr><td>Reglat LOGSE<\/td><td>M\u00f2dul<\/td><td>T\u00e8cniques gr\u00e0fiques<\/td><\/tr><tr><td>Tallers d&#8217;adults<\/td><td>Un taller<\/td><td>Taller de pintura matins<\/td><\/tr><tr><td>Taller d&#8217;infants<\/td><td>Un taller<\/td><td>Taller de12 a 14 anys<\/td><\/tr><\/tbody><\/table><\/figure>\n\n\n\n<p class=\"has-light-gray-background-color has-background\"><strong>Cap\u00e7alera: <\/strong>mostra el nom del curs i i cont\u00e9 les opcions d&#8217;activar edici\u00f3 i de configuraci\u00f3. Per defecte tots els cursos tenen un nom a la cap\u00e7alera.<\/p>\n\n\n\n<figure class=\"wp-block-image size-large\"><img decoding=\"async\" loading=\"lazy\" width=\"1024\" height=\"757\" src=\"https:\/\/recursos.ooteca.artedra.net\/wp-content\/uploads\/2021\/06\/tauler-curs_02_edicio-1-1024x757.jpg\" alt=\"\" class=\"wp-image-341\" srcset=\"https:\/\/recursos.ooteca.artedra.net\/wp-content\/uploads\/2021\/06\/tauler-curs_02_edicio-1-1024x757.jpg 1024w, https:\/\/recursos.ooteca.artedra.net\/wp-content\/uploads\/2021\/06\/tauler-curs_02_edicio-1-300x222.jpg 300w, https:\/\/recursos.ooteca.artedra.net\/wp-content\/uploads\/2021\/06\/tauler-curs_02_edicio-1-768x568.jpg 768w, https:\/\/recursos.ooteca.artedra.net\/wp-content\/uploads\/2021\/06\/tauler-curs_02_edicio-1.jpg 1072w\" sizes=\"(max-width: 1024px) 100vw, 1024px\" \/><\/figure>\n\n\n\n<p>Per sota de la imatge trobem diverses seccions. <\/p>\n\n\n\n<p class=\"has-light-gray-background-color has-background\">Per defecte la primera secci\u00f3 s&#8217;anomena <strong>General<\/strong> i inclou la imatge del curs i els recursos de comunicacions. Aqu\u00ed trobem una imatge com\u00fa a la resta de cursos Moodle relacionats. Per exemple, en cicles LOE totes les UF del mateix m\u00f2dul mostren la mateixa imatge i una denominaci\u00f3 breu sobreimpresa.<\/p>\n\n\n\n<p>A continuaci\u00f3 apareixen unes quantes seccions m\u00e9s que per defecte s&#8217;anomenen <strong>Temes<\/strong>. Cada docent pot canviar el nom de les seccions i afegir-ne de noves si ho necessita. Aqu\u00ed \u00e9s on estructurem l&#8217;aula. Si estem en mode edici\u00f3 cada secci\u00f3 permet incorporar m\u00faltiples recursos i activitats:<\/p>\n\n\n\n<figure class=\"wp-block-image size-large\"><img decoding=\"async\" loading=\"lazy\" width=\"528\" height=\"495\" src=\"https:\/\/recursos.ooteca.artedra.net\/wp-content\/uploads\/2021\/06\/recursos.png\" alt=\"\" class=\"wp-image-337\" srcset=\"https:\/\/recursos.ooteca.artedra.net\/wp-content\/uploads\/2021\/06\/recursos.png 528w, https:\/\/recursos.ooteca.artedra.net\/wp-content\/uploads\/2021\/06\/recursos-300x281.png 300w\" sizes=\"(max-width: 528px) 100vw, 528px\" \/><\/figure>\n\n\n\n<p>Els recursos i activitats m\u00e9s habituals podrien ser:<\/p>\n\n\n\n<ul><li><strong>Fitxer: <\/strong>per exemple, arxius PDF que pugem a Moodle<\/li><li><strong>Carpeta: <\/strong>per exemple, carpetes zip que continguin recursos<\/li><li><strong>Tasca: <\/strong>permeten adjuntar arxius amb enunciats i definir b\u00fasties d&#8217;entrega on l&#8217;alumnat pugui lliurar els seus treballs<\/li><li><strong>URL<\/strong>: enlla\u00e7os a recursos externs<\/li><li><strong>P\u00e0gina: <\/strong>documents de text simples que podeu editar directament al propi tauler.<\/li><li><strong>Llibre: <\/strong>conjunt de p\u00e0gines<\/li><li><strong>Enquesta:<\/strong> per formular preguntes a l&#8217;alumnat i obtenir les seves respostes i processar-les.<\/li><\/ul>\n\n\n\n<p class=\"has-light-gray-background-color has-background\"><strong>Barra lateral o <em>sidebar<\/em>: <\/strong>per defecte trobareu a la dreta una columna amb:<\/p>\n\n\n\n<ul><li><strong>Anuncis: <\/strong>notificacions al grup<\/li><li><strong>Esdeveniments propers:<\/strong> autom\u00e0ticament apareixen els esdeveniments de calendari que estiguin propers en el temps<\/li><li><strong>Calendari:<\/strong> es poden afegir esdeveniments i tamb\u00e9 s&#8217;inscriuen autom\u00e0ticament les dates quan configurem entregues en les activitats.<\/li><\/ul>\n\n\n\n<figure class=\"wp-block-image size-large\"><img decoding=\"async\" loading=\"lazy\" width=\"255\" height=\"691\" src=\"https:\/\/recursos.ooteca.artedra.net\/wp-content\/uploads\/2021\/06\/barraLateral.jpg\" alt=\"\" class=\"wp-image-338\" srcset=\"https:\/\/recursos.ooteca.artedra.net\/wp-content\/uploads\/2021\/06\/barraLateral.jpg 255w, https:\/\/recursos.ooteca.artedra.net\/wp-content\/uploads\/2021\/06\/barraLateral-111x300.jpg 111w\" sizes=\"(max-width: 255px) 100vw, 255px\" \/><\/figure>\n","protected":false},"excerpt":{"rendered":"<p>El tauler de curs \u00e9s l&#8217;equivalent a l&#8217;aula. Si som docents del curs podrem activar l&#8217;edici\u00f3 i modificar totes les seves \u00e0rees i afegir-hi elements. El professorat i l&#8217;alumnat d&#8217;un curs el veur\u00e0 i podr\u00e0 intervenir-hi d&#8217;acord als permisos del seu perfil d&#8217;usuari Moodle. Recordeu que un curs de Moodle \u00e9s un concepte que pot &hellip; <a href=\"https:\/\/recursos.ooteca.artedra.net\/?p=58\" class=\"more-link\">Continua la lectura de <span class=\"screen-reader-text\">4.2. Tauler curs Moodle<\/span><\/a><\/p>\n","protected":false},"author":3,"featured_media":0,"comment_status":"closed","ping_status":"open","sticky":false,"template":"","format":"standard","meta":[],"categories":[1],"tags":[],"_links":{"self":[{"href":"https:\/\/recursos.ooteca.artedra.net\/index.php?rest_route=\/wp\/v2\/posts\/58"}],"collection":[{"href":"https:\/\/recursos.ooteca.artedra.net\/index.php?rest_route=\/wp\/v2\/posts"}],"about":[{"href":"https:\/\/recursos.ooteca.artedra.net\/index.php?rest_route=\/wp\/v2\/types\/post"}],"author":[{"embeddable":true,"href":"https:\/\/recursos.ooteca.artedra.net\/index.php?rest_route=\/wp\/v2\/users\/3"}],"replies":[{"embeddable":true,"href":"https:\/\/recursos.ooteca.artedra.net\/index.php?rest_route=%2Fwp%2Fv2%2Fcomments&post=58"}],"version-history":[{"count":11,"href":"https:\/\/recursos.ooteca.artedra.net\/index.php?rest_route=\/wp\/v2\/posts\/58\/revisions"}],"predecessor-version":[{"id":553,"href":"https:\/\/recursos.ooteca.artedra.net\/index.php?rest_route=\/wp\/v2\/posts\/58\/revisions\/553"}],"wp:attachment":[{"href":"https:\/\/recursos.ooteca.artedra.net\/index.php?rest_route=%2Fwp%2Fv2%2Fmedia&parent=58"}],"wp:term":[{"taxonomy":"category","embeddable":true,"href":"https:\/\/recursos.ooteca.artedra.net\/index.php?rest_route=%2Fwp%2Fv2%2Fcategories&post=58"},{"taxonomy":"post_tag","embeddable":true,"href":"https:\/\/recursos.ooteca.artedra.net\/index.php?rest_route=%2Fwp%2Fv2%2Ftags&post=58"}],"curies":[{"name":"wp","href":"https:\/\/api.w.org\/{rel}","templated":true}]}}